{"id":1130,"date":"2025-03-15T16:01:56","date_gmt":"2025-03-15T15:01:56","guid":{"rendered":"https:\/\/www.kgv-inderbraeuke.de\/?p=1130"},"modified":"2025-03-22T18:11:33","modified_gmt":"2025-03-22T17:11:33","slug":"neuer-termin-gemeinschaftsarbeit","status":"publish","type":"post","link":"https:\/\/www.kgv-inderbraeuke.de\/?p=1130","title":{"rendered":"Neue Termine Gemeinschaftsarbeit 2025"},"content":{"rendered":"\n<p><strong>Gemeinschaftsarbeit 2025<\/strong><\/p>\n<ul>\n<li>Die G\u00e4rten sind nicht mehr in Gruppen eingeteilt!<span class=\"Apple-converted-space\">\u00a0<\/span><\/li>\n<li>Treffpunkt an den Terminen ist um 9:00 Uhr am Vereinsheim.<span class=\"Apple-converted-space\">\u00a0<\/span><\/li>\n<li>Pro Garten k\u00f6nnen maximal 2 vollj\u00e4hrige Personen an den Terminen Gemeinschaftsarbeit verrichten.<\/li>\n<\/ul>\n\n\n\n<table style=\"width: 58.928571%; height: 437px;\" cellspacing=\"0\" cellpadding=\"0\">\n<tbody>\n<tr>\n<td style=\"background-color: #f1f294; text-align: center; vertical-align: middle;\" colspan=\"2\" scope=\"row\" valign=\"middle\">\n<h6 align=\"center\"><span style=\"color: #000000; font-family: Helvetica Neue; font-size: 300%;\"><b>Termine 2025<\/b><\/span><\/h6>\n<\/td>\n<\/tr>\n<tr>\n<td style=\"text-align: center; vertical-align: middle; background-color: #a1edcc;\" scope=\"row\" valign=\"middle\">\n<h6 align=\"center\"><span style=\"color: #000000; font-family: Helvetica Neue; font-size: 300%;\"><b>25. Februar<\/b><\/span><\/h6>\n<\/td>\n<td style=\"text-align: center; vertical-align: middle; background-color: #a1edcc;\" scope=\"row\" valign=\"middle\">\n<h6 align=\"center\"><span style=\"color: #000000; font-family: Helvetica Neue; font-size: 300%;\"><b>22. M\u00e4rz<\/b><\/span><\/h6>\n<\/td>\n<\/tr>\n<tr>\n<td style=\"text-align: center; vertical-align: middle; background-color: #a1edcc;\" scope=\"row\" valign=\"middle\">\n<h6 align=\"center\"><span style=\"color: #000000; font-family: Helvetica Neue; font-size: 300%;\"><b>26. April <\/b><\/span><\/h6>\n<\/td>\n<td style=\"text-align: center; vertical-align: middle; background-color: #a1edcc;\" scope=\"row\" valign=\"middle\">\n<h6 align=\"center\"><span style=\"color: #000000; font-family: Helvetica Neue; font-size: 300%;\"><b>24. Mai<\/b><\/span><\/h6>\n<\/td>\n<\/tr>\n<tr>\n<td style=\"text-align: center; vertical-align: middle; background-color: #a1edcc;\" scope=\"row\" valign=\"middle\">\n<h6 align=\"center\"><span style=\"color: #000000; font-family: Helvetica Neue; font-size: 300%;\"><b>28. Juni<\/b><\/span><\/h6>\n<\/td>\n<td style=\"text-align: center; vertical-align: middle; background-color: #a1edcc;\" scope=\"row\" valign=\"middle\">\n<h6 align=\"center\"><span style=\"color: #000000; font-family: Helvetica Neue; font-size: 300%;\"><b> 26. Juli<\/b><\/span><\/h6>\n<\/td>\n<\/tr>\n<tr>\n<td style=\"text-align: center; vertical-align: middle; background-color: #a1edcc;\" scope=\"row\" valign=\"middle\">\n<h6 align=\"center\"><span style=\"color: #000000; font-family: Helvetica Neue; font-size: 300%;\"><b>30. August <\/b><\/span><\/h6>\n<\/td>\n<td style=\"text-align: center; vertical-align: middle; background-color: #a1edcc;\" scope=\"row\" valign=\"middle\">\n<h6 align=\"center\"><span style=\"color: #000000; font-family: Helvetica Neue; font-size: 300%;\"><b>27. September<\/b><\/span><\/h6>\n<\/td>\n<\/tr>\n<tr>\n<td style=\"text-align: center; vertical-align: middle; background-color: #a1edcc;\" colspan=\"2\" scope=\"row\" valign=\"middle\">\n<h6 align=\"center\"><span style=\"color: #000000; font-family: Helvetica Neue; font-size: 300%;\"><b>15. November <\/b><\/span><\/h6>\n<\/td>\n<\/tr>\n<\/tbody>\n<\/table>\n","protected":false},"excerpt":{"rendered":"<p>Gemeinschaftsarbeit 2025 Die G\u00e4rten sind nicht mehr in Gruppen eingeteilt!\u00a0 Treffpunkt an den Terminen ist um 9:00 Uhr am Vereinsheim.\u00a0 Pro Garten k\u00f6nnen maximal 2 vollj\u00e4hrige Personen an den Terminen Gemeinschaftsarbeit verrichten. Termine 2025 25. Februar 22. M\u00e4rz 26. April 24. Mai 28. Juni 26. Juli 30. August 27. September 15. November<\/p>\n","protected":false},"author":3,"featured_media":1131,"comment_status":"open","ping_status":"open","sticky":true,"template":"","format":"standard","meta":{"footnotes":""},"categories":[1,20,7],"tags":[],"_links":{"self":[{"href":"https:\/\/www.kgv-inderbraeuke.de\/index.php?rest_route=\/wp\/v2\/posts\/1130"}],"collection":[{"href":"https:\/\/www.kgv-inderbraeuke.de\/index.php?rest_route=\/wp\/v2\/posts"}],"about":[{"href":"https:\/\/www.kgv-inderbraeuke.de\/index.php?rest_route=\/wp\/v2\/types\/post"}],"author":[{"embeddable":true,"href":"https:\/\/www.kgv-inderbraeuke.de\/index.php?rest_route=\/wp\/v2\/users\/3"}],"replies":[{"embeddable":true,"href":"https:\/\/www.kgv-inderbraeuke.de\/index.php?rest_route=%2Fwp%2Fv2%2Fcomments&post=1130"}],"version-history":[{"count":2,"href":"https:\/\/www.kgv-inderbraeuke.de\/index.php?rest_route=\/wp\/v2\/posts\/1130\/revisions"}],"predecessor-version":[{"id":1134,"href":"https:\/\/www.kgv-inderbraeuke.de\/index.php?rest_route=\/wp\/v2\/posts\/1130\/revisions\/1134"}],"wp:featuredmedia":[{"embeddable":true,"href":"https:\/\/www.kgv-inderbraeuke.de\/index.php?rest_route=\/wp\/v2\/media\/1131"}],"wp:attachment":[{"href":"https:\/\/www.kgv-inderbraeuke.de\/index.php?rest_route=%2Fwp%2Fv2%2Fmedia&parent=1130"}],"wp:term":[{"taxonomy":"category","embeddable":true,"href":"https:\/\/www.kgv-inderbraeuke.de\/index.php?rest_route=%2Fwp%2Fv2%2Fcategories&post=1130"},{"taxonomy":"post_tag","embeddable":true,"href":"https:\/\/www.kgv-inderbraeuke.de\/index.php?rest_route=%2Fwp%2Fv2%2Ftags&post=1130"}],"curies":[{"name":"wp","href":"https:\/\/api.w.org\/{rel}","templated":true}]}}