{"id":1093,"date":"2024-09-18T10:10:55","date_gmt":"2024-09-18T08:10:55","guid":{"rendered":"https:\/\/www.kgv-inderbraeuke.de\/?p=1093"},"modified":"2024-09-18T10:10:56","modified_gmt":"2024-09-18T08:10:56","slug":"freie-lehrgangstermine-an-der-landesschule","status":"publish","type":"post","link":"https:\/\/www.kgv-inderbraeuke.de\/?p=1093","title":{"rendered":"Freie Lehrgangstermine an der Landesschule"},"content":{"rendered":"\n<p>Liebe Gartenfreunde,<\/p>\n<p>f\u00fcr nachfolgende Lehrg\u00e4nge beim Landesverband stehen noch Pl\u00e4tze zur Verf\u00fcgung:<\/p>\n<p>&#8211;\u00a0\u00a0\u00a0\u00a0\u00a0\u00a0 Zweitageslehrgang Grundlagen und Workshop \u201eArbeiten mit Kindern und Jugendlichen in Kleingartenvereinen\u201c vom 21. bis 22. September 2024<\/p>\n<p>&#8211;\u00a0\u00a0\u00a0\u00a0\u00a0\u00a0 Tageslehrgang \u201eMiteinander im Kleingarten\u201c am 11. Oktober 2024<\/p>\n<p>&#8211;\u00a0\u00a0\u00a0\u00a0\u00a0\u00a0 Tageslehrgang Workshop \u201eDie Digitalisierung im Verein\u201c am 24. Oktober 2024<\/p>\n<p>&#8211;\u00a0\u00a0\u00a0\u00a0\u00a0\u00a0 Tageslehrgang \u201eDer gute Gartenboden\u201c am 08. November 2024<\/p>\n<p>&#8211;\u00a0\u00a0\u00a0\u00a0\u00a0\u00a0 Tageslehrgang \u201eErfolgreiche \u00d6ffentlichkeitsarbeit\u201c am 14. November 2024<\/p>\n<p>\u00a0<\/p>\n<p>Detaillierte Informationen zu den einzelnen Lehrg\u00e4ngen findet Ihr hier: <a href=\"https:\/\/www.kleingarten.de\/termine\">https:\/\/www.kleingarten.de\/termine<\/a><\/p>\n<p>Anmeldungen bitte \u00fcber Thomas Misz vornehmen.<\/p>\n<p>\u00a0<\/p>\n","protected":false},"excerpt":{"rendered":"<p>Liebe Gartenfreunde, f\u00fcr nachfolgende Lehrg\u00e4nge beim Landesverband stehen noch Pl\u00e4tze zur Verf\u00fcgung: &#8211;\u00a0\u00a0\u00a0\u00a0\u00a0\u00a0 Zweitageslehrgang Grundlagen und Workshop \u201eArbeiten mit Kindern und Jugendlichen in Kleingartenvereinen\u201c vom 21. bis 22. September 2024 &#8211;\u00a0\u00a0\u00a0\u00a0\u00a0\u00a0 Tageslehrgang \u201eMiteinander im Kleingarten\u201c am 11. Oktober 2024 &#8211;\u00a0\u00a0\u00a0\u00a0\u00a0\u00a0 Tageslehrgang Workshop \u201eDie Digitalisierung im Verein\u201c am 24. Oktober 2024 &#8211;\u00a0\u00a0\u00a0\u00a0\u00a0\u00a0 Tageslehrgang \u201eDer gute Gartenboden\u201c [&hellip;]<\/p>\n","protected":false},"author":3,"featured_media":412,"comment_status":"open","ping_status":"open","sticky":false,"template":"","format":"standard","meta":{"footnotes":""},"categories":[1,20,7],"tags":[],"_links":{"self":[{"href":"https:\/\/www.kgv-inderbraeuke.de\/index.php?rest_route=\/wp\/v2\/posts\/1093"}],"collection":[{"href":"https:\/\/www.kgv-inderbraeuke.de\/index.php?rest_route=\/wp\/v2\/posts"}],"about":[{"href":"https:\/\/www.kgv-inderbraeuke.de\/index.php?rest_route=\/wp\/v2\/types\/post"}],"author":[{"embeddable":true,"href":"https:\/\/www.kgv-inderbraeuke.de\/index.php?rest_route=\/wp\/v2\/users\/3"}],"replies":[{"embeddable":true,"href":"https:\/\/www.kgv-inderbraeuke.de\/index.php?rest_route=%2Fwp%2Fv2%2Fcomments&post=1093"}],"version-history":[{"count":1,"href":"https:\/\/www.kgv-inderbraeuke.de\/index.php?rest_route=\/wp\/v2\/posts\/1093\/revisions"}],"predecessor-version":[{"id":1094,"href":"https:\/\/www.kgv-inderbraeuke.de\/index.php?rest_route=\/wp\/v2\/posts\/1093\/revisions\/1094"}],"wp:featuredmedia":[{"embeddable":true,"href":"https:\/\/www.kgv-inderbraeuke.de\/index.php?rest_route=\/wp\/v2\/media\/412"}],"wp:attachment":[{"href":"https:\/\/www.kgv-inderbraeuke.de\/index.php?rest_route=%2Fwp%2Fv2%2Fmedia&parent=1093"}],"wp:term":[{"taxonomy":"category","embeddable":true,"href":"https:\/\/www.kgv-inderbraeuke.de\/index.php?rest_route=%2Fwp%2Fv2%2Fcategories&post=1093"},{"taxonomy":"post_tag","embeddable":true,"href":"https:\/\/www.kgv-inderbraeuke.de\/index.php?rest_route=%2Fwp%2Fv2%2Ftags&post=1093"}],"curies":[{"name":"wp","href":"https:\/\/api.w.org\/{rel}","templated":true}]}}